{"id":4376,"date":"2025-12-05T19:49:26","date_gmt":"2025-12-05T18:49:26","guid":{"rendered":"https:\/\/www.gsdb.fr\/?p=4376"},"modified":"2025-12-05T21:52:12","modified_gmt":"2025-12-05T20:52:12","slug":"manifeste-pour-la-liturgie-ancienne-publiee-dans-le-figaro","status":"publish","type":"post","link":"https:\/\/www.gsdb.fr\/index.php\/2025\/12\/05\/manifeste-pour-la-liturgie-ancienne-publiee-dans-le-figaro\/","title":{"rendered":"Manifeste pour la liturgie ancienne"},"content":{"rendered":"\n<p><\/p>\n\n\n\n<p><br><\/p>\n\n\n\n<p><em>Publi\u00e9 dans Le Figaro le 16 d\u00e9cembre 2006 par 160 personnalit\u00e9s catholiques<\/em><strong><br><\/strong><br>\u00ab&nbsp;Nous la\u00efcs, catholiques romains, souhaitons [\u2026] t\u00e9moigner publiquement de notre fid\u00e9lit\u00e9, de notre soutien et de notre affection au Saint-P\u00e8re [\u2026]<\/p>\n\n\n\n<p>1. La constitution&nbsp;<em>Sacrosanctum Concilium&nbsp;<\/em>du concile Vatican&nbsp;II rappelle&nbsp;:&nbsp;<em>\u00ab&nbsp;Ob\u00e9issant fid\u00e8lement \u00e0 la tradition, le concile d\u00e9clare que notre Sainte M\u00e8re l&rsquo;\u00c9glise consid\u00e8re comme \u00e9gaux en droit et en dignit\u00e9 tous les rites l\u00e9gitimement reconnus, et qu&rsquo;elle veut, \u00e0 l&rsquo;avenir, les conserver et les favoriser de toute mani\u00e8re.&nbsp;\u00bb<\/em>&nbsp;Nous consid\u00e9rons donc comme une gr\u00e2ce la diversit\u00e9 des rites dans l&rsquo;\u00c9glise catholique et nous voyons venir avec joie la lib\u00e9ralisation de celui qui fut notre ordinaire, celui de nos parents et de nos grands-parents, et qui a nourri la vie spirituelle de tant de saints.<\/p>\n\n\n\n<p>Nous voulons dire au Saint-P\u00e8re et \u00e0 nos \u00e9v\u00eaques notre joie de voir appara\u00eetre de plus en plus de communaut\u00e9s paroissiales ou religieuses attach\u00e9es \u00e0 la beaut\u00e9 de la liturgie sous ses diff\u00e9rentes formes. Nous partageons le constat de celui qui n&rsquo;\u00e9tait alors que le cardinal Ratzinger&nbsp;:&nbsp;<em>\u00ab&nbsp;Je suis convaincu que la crise de l&rsquo;\u00c9glise que nous vivons aujourd&rsquo;hui repose largement sur la d\u00e9sint\u00e9gration de la liturgie&nbsp;\u00bb.<\/em><\/p>\n\n\n\n<p>2.&nbsp;<em>\u00ab&nbsp;Promouvoir la restauration de l&rsquo;unit\u00e9 entre tous les chr\u00e9tiens, c&rsquo;est l&rsquo;un des buts principaux du saint concile oecum\u00e9nique de Vatican II. Une seule et unique \u00c9glise a \u00e9t\u00e9 institu\u00e9e par le Christ Seigneur&nbsp;\u00bb<\/em>, affirme l&rsquo;introduction du d\u00e9cret&nbsp;<em>Unitatis Redintegratio<\/em>.<\/p>\n\n\n\n<p>C&rsquo;est dans cet esprit d\u00e9crit par le concile que nous avons accueilli avec joie la cr\u00e9ation de l&rsquo;Institut du Bon Pasteur et que nous prions et esp\u00e9rons que tous ceux qui se sont \u00e9loign\u00e9s de la pleine communion suivent ce m\u00eame chemin de r\u00e9conciliation.<\/p>\n\n\n\n<p>3. Nous sommes choqu\u00e9s par l&rsquo;id\u00e9e qu&rsquo;un catholique puisse \u00eatre inquiet de la c\u00e9l\u00e9bration de la messe qui fut celle que c\u00e9l\u00e9br\u00e8rent le Padre Pio et saint Maximilien Kolbe. Celle qui a nourri la pi\u00e9t\u00e9 de sainte Th\u00e9r\u00e8se de l&rsquo;Enfant-J\u00e9sus et du bienheureux pape Jean XXIII.<\/p>\n\n\n\n<p>Nous savons que l&rsquo;\u00c9glise est compos\u00e9e d&rsquo;hommes et de femmes, et que des propos critiquables et parfois insultants ont pu \u00eatre \u00e9chang\u00e9s&nbsp;<em>\u00ab&nbsp;parfois par la faute des personnes de l&rsquo;une et de l&rsquo;autre partie&nbsp;\u00bb<\/em>&nbsp;(<em>Unitatis Redintegratio<\/em>, 3).<\/p>\n\n\n\n<p>Nous demandons \u00e0 Dieu de&nbsp;<em>\u00ab&nbsp;pardonner nos offenses, comme nous pardonnons aussi \u00e0 ceux qui nous ont offens\u00e9s&nbsp;\u00bb<\/em>.<\/p>\n\n\n\n<p>Nous mesurons combien est difficile le gouvernement de l&rsquo;\u00c9glise et combien est lourde la charge de notre Saint-P\u00e8re le Pape, comme est exigeante celle de nos \u00e9v\u00eaques.&nbsp;\u00bb<\/p>\n\n\n\n<p><\/p>\n\n\n\n<p><\/p>\n","protected":false},"excerpt":{"rendered":"<p>Publi\u00e9 dans Le Figaro le 16 d\u00e9cembre 2006 par 160 personnalit\u00e9s catholiques\u00ab&nbsp;Nous la\u00efcs, catholiques romains, souhaitons [\u2026] t\u00e9moigner publiquement de notre fid\u00e9lit\u00e9, de notre soutien et de notre affection au<\/p>\n","protected":false},"author":7,"featured_media":0,"comment_status":"closed","ping_status":"closed","sticky":false,"template":"","format":"standard","meta":[],"categories":[4],"tags":[],"yoast_head":"<!-- This site is optimized with the Yoast SEO plugin v20.5 - https:\/\/yoast.com\/wordpress\/plugins\/seo\/ -->\n<title>Manifeste pour la liturgie ancienne - Groupe scolaire libre Don Bosco \u00e0 Compi\u00e8gne : GSDB.Fr<\/title>\n<meta name=\"description\" content=\"Le Groupe Scolaire Don Bosco de Compi\u00e8gne, \u00e9tablissement Hors Contrat, a pour devise Joie, Confiance et Pers\u00e9v\u00e9rance %\" \/>\n<meta name=\"robots\" content=\"index, follow, max-snippet:-1, max-image-preview:large, max-video-preview:-1\" \/>\n<link rel=\"canonical\" href=\"https:\/\/www.gsdb.fr\/index.php\/2025\/12\/05\/manifeste-pour-la-liturgie-ancienne-publiee-dans-le-figaro\/\" \/>\n<meta property=\"og:locale\" content=\"fr_FR\" \/>\n<meta property=\"og:type\" content=\"article\" \/>\n<meta property=\"og:title\" content=\"Manifeste pour la liturgie ancienne - Groupe scolaire libre Don Bosco \u00e0 Compi\u00e8gne : GSDB.Fr\" \/>\n<meta property=\"og:description\" content=\"Le Groupe Scolaire Don Bosco de Compi\u00e8gne, \u00e9tablissement Hors Contrat, a pour devise Joie, Confiance et Pers\u00e9v\u00e9rance %\" \/>\n<meta property=\"og:url\" content=\"https:\/\/www.gsdb.fr\/index.php\/2025\/12\/05\/manifeste-pour-la-liturgie-ancienne-publiee-dans-le-figaro\/\" \/>\n<meta property=\"og:site_name\" content=\"Groupe scolaire libre Don Bosco \u00e0 Compi\u00e8gne : GSDB.Fr\" \/>\n<meta property=\"article:published_time\" content=\"2025-12-05T18:49:26+00:00\" \/>\n<meta property=\"article:modified_time\" content=\"2025-12-05T20:52:12+00:00\" \/>\n<meta name=\"author\" content=\"G.\" \/>\n<meta name=\"twitter:card\" content=\"summary_large_image\" \/>\n<meta name=\"twitter:label1\" content=\"\u00c9crit par\" \/>\n\t<meta name=\"twitter:data1\" content=\"G.\" \/>\n\t<meta name=\"twitter:label2\" content=\"Dur\u00e9e de lecture estim\u00e9e\" \/>\n\t<meta name=\"twitter:data2\" content=\"3 minutes\" \/>\n<script type=\"application\/ld+json\" class=\"yoast-schema-graph\">{\"@context\":\"https:\/\/schema.org\",\"@graph\":[{\"@type\":\"Article\",\"@id\":\"https:\/\/www.gsdb.fr\/index.php\/2025\/12\/05\/manifeste-pour-la-liturgie-ancienne-publiee-dans-le-figaro\/#article\",\"isPartOf\":{\"@id\":\"https:\/\/www.gsdb.fr\/index.php\/2025\/12\/05\/manifeste-pour-la-liturgie-ancienne-publiee-dans-le-figaro\/\"},\"author\":{\"name\":\"G.\",\"@id\":\"https:\/\/www.gsdb.fr\/#\/schema\/person\/ac2eb45ebe87ab97fbd3da7a147b9bfd\"},\"headline\":\"Manifeste pour la liturgie ancienne\",\"datePublished\":\"2025-12-05T18:49:26+00:00\",\"dateModified\":\"2025-12-05T20:52:12+00:00\",\"mainEntityOfPage\":{\"@id\":\"https:\/\/www.gsdb.fr\/index.php\/2025\/12\/05\/manifeste-pour-la-liturgie-ancienne-publiee-dans-le-figaro\/\"},\"wordCount\":478,\"publisher\":{\"@id\":\"https:\/\/www.gsdb.fr\/#organization\"},\"articleSection\":[\"\u00c9v\u00e9nement\"],\"inLanguage\":\"fr-FR\"},{\"@type\":\"WebPage\",\"@id\":\"https:\/\/www.gsdb.fr\/index.php\/2025\/12\/05\/manifeste-pour-la-liturgie-ancienne-publiee-dans-le-figaro\/\",\"url\":\"https:\/\/www.gsdb.fr\/index.php\/2025\/12\/05\/manifeste-pour-la-liturgie-ancienne-publiee-dans-le-figaro\/\",\"name\":\"Manifeste pour la liturgie ancienne - Groupe scolaire libre Don Bosco \u00e0 Compi\u00e8gne : GSDB.Fr\",\"isPartOf\":{\"@id\":\"https:\/\/www.gsdb.fr\/#website\"},\"datePublished\":\"2025-12-05T18:49:26+00:00\",\"dateModified\":\"2025-12-05T20:52:12+00:00\",\"description\":\"Le Groupe Scolaire Don Bosco de Compi\u00e8gne, \u00e9tablissement Hors Contrat, a pour devise Joie, Confiance et Pers\u00e9v\u00e9rance %\",\"breadcrumb\":{\"@id\":\"https:\/\/www.gsdb.fr\/index.php\/2025\/12\/05\/manifeste-pour-la-liturgie-ancienne-publiee-dans-le-figaro\/#breadcrumb\"},\"inLanguage\":\"fr-FR\",\"potentialAction\":[{\"@type\":\"ReadAction\",\"target\":[\"https:\/\/www.gsdb.fr\/index.php\/2025\/12\/05\/manifeste-pour-la-liturgie-ancienne-publiee-dans-le-figaro\/\"]}]},{\"@type\":\"BreadcrumbList\",\"@id\":\"https:\/\/www.gsdb.fr\/index.php\/2025\/12\/05\/manifeste-pour-la-liturgie-ancienne-publiee-dans-le-figaro\/#breadcrumb\",\"itemListElement\":[{\"@type\":\"ListItem\",\"position\":1,\"name\":\"Accueil\",\"item\":\"https:\/\/www.gsdb.fr\/\"},{\"@type\":\"ListItem\",\"position\":2,\"name\":\"Manifeste pour la liturgie ancienne\"}]},{\"@type\":\"WebSite\",\"@id\":\"https:\/\/www.gsdb.fr\/#website\",\"url\":\"https:\/\/www.gsdb.fr\/\",\"name\":\"Groupe scolaire libre Don Bosco \u00e0 Compi\u00e8gne : GSDB.Fr\",\"description\":\"Confiance, Joie, Pers\u00e9v\u00e9rance !\",\"publisher\":{\"@id\":\"https:\/\/www.gsdb.fr\/#organization\"},\"potentialAction\":[{\"@type\":\"SearchAction\",\"target\":{\"@type\":\"EntryPoint\",\"urlTemplate\":\"https:\/\/www.gsdb.fr\/?s={search_term_string}\"},\"query-input\":\"required name=search_term_string\"}],\"inLanguage\":\"fr-FR\"},{\"@type\":\"Organization\",\"@id\":\"https:\/\/www.gsdb.fr\/#organization\",\"name\":\"Groupe Scolaire Don Bosco\",\"url\":\"https:\/\/www.gsdb.fr\/\",\"logo\":{\"@type\":\"ImageObject\",\"inLanguage\":\"fr-FR\",\"@id\":\"https:\/\/www.gsdb.fr\/#\/schema\/logo\/image\/\",\"url\":\"https:\/\/www.gsdb.fr\/wp-content\/uploads\/2018\/12\/cropped-blason-new-ss-bando-Q-3.png\",\"contentUrl\":\"https:\/\/www.gsdb.fr\/wp-content\/uploads\/2018\/12\/cropped-blason-new-ss-bando-Q-3.png\",\"width\":886,\"height\":948,\"caption\":\"Groupe Scolaire Don Bosco\"},\"image\":{\"@id\":\"https:\/\/www.gsdb.fr\/#\/schema\/logo\/image\/\"}},{\"@type\":\"Person\",\"@id\":\"https:\/\/www.gsdb.fr\/#\/schema\/person\/ac2eb45ebe87ab97fbd3da7a147b9bfd\",\"name\":\"G.\"}]}<\/script>\n<!-- \/ Yoast SEO plugin. -->","yoast_head_json":{"title":"Manifeste pour la liturgie ancienne - Groupe scolaire libre Don Bosco \u00e0 Compi\u00e8gne : GSDB.Fr","description":"Le Groupe Scolaire Don Bosco de Compi\u00e8gne, \u00e9tablissement Hors Contrat, a pour devise Joie, Confiance et Pers\u00e9v\u00e9rance %","robots":{"index":"index","follow":"follow","max-snippet":"max-snippet:-1","max-image-preview":"max-image-preview:large","max-video-preview":"max-video-preview:-1"},"canonical":"https:\/\/www.gsdb.fr\/index.php\/2025\/12\/05\/manifeste-pour-la-liturgie-ancienne-publiee-dans-le-figaro\/","og_locale":"fr_FR","og_type":"article","og_title":"Manifeste pour la liturgie ancienne - Groupe scolaire libre Don Bosco \u00e0 Compi\u00e8gne : GSDB.Fr","og_description":"Le Groupe Scolaire Don Bosco de Compi\u00e8gne, \u00e9tablissement Hors Contrat, a pour devise Joie, Confiance et Pers\u00e9v\u00e9rance %","og_url":"https:\/\/www.gsdb.fr\/index.php\/2025\/12\/05\/manifeste-pour-la-liturgie-ancienne-publiee-dans-le-figaro\/","og_site_name":"Groupe scolaire libre Don Bosco \u00e0 Compi\u00e8gne : GSDB.Fr","article_published_time":"2025-12-05T18:49:26+00:00","article_modified_time":"2025-12-05T20:52:12+00:00","author":"G.","twitter_card":"summary_large_image","twitter_misc":{"\u00c9crit par":"G.","Dur\u00e9e de lecture estim\u00e9e":"3 minutes"},"schema":{"@context":"https:\/\/schema.org","@graph":[{"@type":"Article","@id":"https:\/\/www.gsdb.fr\/index.php\/2025\/12\/05\/manifeste-pour-la-liturgie-ancienne-publiee-dans-le-figaro\/#article","isPartOf":{"@id":"https:\/\/www.gsdb.fr\/index.php\/2025\/12\/05\/manifeste-pour-la-liturgie-ancienne-publiee-dans-le-figaro\/"},"author":{"name":"G.","@id":"https:\/\/www.gsdb.fr\/#\/schema\/person\/ac2eb45ebe87ab97fbd3da7a147b9bfd"},"headline":"Manifeste pour la liturgie ancienne","datePublished":"2025-12-05T18:49:26+00:00","dateModified":"2025-12-05T20:52:12+00:00","mainEntityOfPage":{"@id":"https:\/\/www.gsdb.fr\/index.php\/2025\/12\/05\/manifeste-pour-la-liturgie-ancienne-publiee-dans-le-figaro\/"},"wordCount":478,"publisher":{"@id":"https:\/\/www.gsdb.fr\/#organization"},"articleSection":["\u00c9v\u00e9nement"],"inLanguage":"fr-FR"},{"@type":"WebPage","@id":"https:\/\/www.gsdb.fr\/index.php\/2025\/12\/05\/manifeste-pour-la-liturgie-ancienne-publiee-dans-le-figaro\/","url":"https:\/\/www.gsdb.fr\/index.php\/2025\/12\/05\/manifeste-pour-la-liturgie-ancienne-publiee-dans-le-figaro\/","name":"Manifeste pour la liturgie ancienne - Groupe scolaire libre Don Bosco \u00e0 Compi\u00e8gne : GSDB.Fr","isPartOf":{"@id":"https:\/\/www.gsdb.fr\/#website"},"datePublished":"2025-12-05T18:49:26+00:00","dateModified":"2025-12-05T20:52:12+00:00","description":"Le Groupe Scolaire Don Bosco de Compi\u00e8gne, \u00e9tablissement Hors Contrat, a pour devise Joie, Confiance et Pers\u00e9v\u00e9rance %","breadcrumb":{"@id":"https:\/\/www.gsdb.fr\/index.php\/2025\/12\/05\/manifeste-pour-la-liturgie-ancienne-publiee-dans-le-figaro\/#breadcrumb"},"inLanguage":"fr-FR","potentialAction":[{"@type":"ReadAction","target":["https:\/\/www.gsdb.fr\/index.php\/2025\/12\/05\/manifeste-pour-la-liturgie-ancienne-publiee-dans-le-figaro\/"]}]},{"@type":"BreadcrumbList","@id":"https:\/\/www.gsdb.fr\/index.php\/2025\/12\/05\/manifeste-pour-la-liturgie-ancienne-publiee-dans-le-figaro\/#breadcrumb","itemListElement":[{"@type":"ListItem","position":1,"name":"Accueil","item":"https:\/\/www.gsdb.fr\/"},{"@type":"ListItem","position":2,"name":"Manifeste pour la liturgie ancienne"}]},{"@type":"WebSite","@id":"https:\/\/www.gsdb.fr\/#website","url":"https:\/\/www.gsdb.fr\/","name":"Groupe scolaire libre Don Bosco \u00e0 Compi\u00e8gne : GSDB.Fr","description":"Confiance, Joie, Pers\u00e9v\u00e9rance !","publisher":{"@id":"https:\/\/www.gsdb.fr\/#organization"},"potentialAction":[{"@type":"SearchAction","target":{"@type":"EntryPoint","urlTemplate":"https:\/\/www.gsdb.fr\/?s={search_term_string}"},"query-input":"required name=search_term_string"}],"inLanguage":"fr-FR"},{"@type":"Organization","@id":"https:\/\/www.gsdb.fr\/#organization","name":"Groupe Scolaire Don Bosco","url":"https:\/\/www.gsdb.fr\/","logo":{"@type":"ImageObject","inLanguage":"fr-FR","@id":"https:\/\/www.gsdb.fr\/#\/schema\/logo\/image\/","url":"https:\/\/www.gsdb.fr\/wp-content\/uploads\/2018\/12\/cropped-blason-new-ss-bando-Q-3.png","contentUrl":"https:\/\/www.gsdb.fr\/wp-content\/uploads\/2018\/12\/cropped-blason-new-ss-bando-Q-3.png","width":886,"height":948,"caption":"Groupe Scolaire Don Bosco"},"image":{"@id":"https:\/\/www.gsdb.fr\/#\/schema\/logo\/image\/"}},{"@type":"Person","@id":"https:\/\/www.gsdb.fr\/#\/schema\/person\/ac2eb45ebe87ab97fbd3da7a147b9bfd","name":"G."}]}},"_links":{"self":[{"href":"https:\/\/www.gsdb.fr\/index.php\/wp-json\/wp\/v2\/posts\/4376"}],"collection":[{"href":"https:\/\/www.gsdb.fr\/index.php\/wp-json\/wp\/v2\/posts"}],"about":[{"href":"https:\/\/www.gsdb.fr\/index.php\/wp-json\/wp\/v2\/types\/post"}],"author":[{"embeddable":true,"href":"https:\/\/www.gsdb.fr\/index.php\/wp-json\/wp\/v2\/users\/7"}],"replies":[{"embeddable":true,"href":"https:\/\/www.gsdb.fr\/index.php\/wp-json\/wp\/v2\/comments?post=4376"}],"version-history":[{"count":6,"href":"https:\/\/www.gsdb.fr\/index.php\/wp-json\/wp\/v2\/posts\/4376\/revisions"}],"predecessor-version":[{"id":4387,"href":"https:\/\/www.gsdb.fr\/index.php\/wp-json\/wp\/v2\/posts\/4376\/revisions\/4387"}],"wp:attachment":[{"href":"https:\/\/www.gsdb.fr\/index.php\/wp-json\/wp\/v2\/media?parent=4376"}],"wp:term":[{"taxonomy":"category","embeddable":true,"href":"https:\/\/www.gsdb.fr\/index.php\/wp-json\/wp\/v2\/categories?post=4376"},{"taxonomy":"post_tag","embeddable":true,"href":"https:\/\/www.gsdb.fr\/index.php\/wp-json\/wp\/v2\/tags?post=4376"}],"curies":[{"name":"wp","href":"https:\/\/api.w.org\/{rel}","templated":true}]}}