{"id":51,"date":"2016-11-15T12:11:41","date_gmt":"2016-11-15T11:11:41","guid":{"rendered":"http:\/\/gsdb.bonnancy.net\/wordpress\/?p=51"},"modified":"2016-11-16T15:39:46","modified_gmt":"2016-11-16T14:39:46","slug":"commemorations-de-larmistice-a-rethondes-11-novembre-2016","status":"publish","type":"post","link":"https:\/\/www.gsdb.fr\/index.php\/2016\/11\/15\/commemorations-de-larmistice-a-rethondes-11-novembre-2016\/","title":{"rendered":"Comm\u00e9morations de l&rsquo;armistice \u00e0 Rethondes &#8211; 11 novembre 2016"},"content":{"rendered":"<p style=\"text-align: justify;\">Dans le cadre des comm\u00e9morations de la bataille de Verdun de 1916, la direction a souhait\u00e9 emmener les enfants de l&rsquo;\u00e9tablissement \u00e0 la Clairi\u00e8re de l&rsquo;Armistice de Rethondes.<\/p>\n<div class=\"gmail_msg\">\n<p style=\"text-align: justify;\">\n<div class=\"gmail_msg\" style=\"text-align: justify;\">En effet, la Mairie de Compi\u00e8gne organise une logistique incroyable pour permettre aux \u00e9coles de Compi\u00e8gne d&rsquo;\u00eatre pr\u00e9sentes aux c\u00e9r\u00e9monies.<\/div>\n<div class=\"gmail_msg\" style=\"text-align: justify;\"><\/div>\n<div class=\"gmail_msg\" style=\"text-align: justify;\">C&rsquo;est ainsi que les \u00e9l\u00e8ves, accompagn\u00e9s d&rsquo;enseignants, ont \u00e9t\u00e9 emmen\u00e9s en car, affr\u00e9t\u00e9 par la mairie, \u00e0 la c\u00e9l\u00e8bre Clairi\u00e8re.<\/div>\n<div class=\"gmail_msg\" style=\"text-align: justify;\"><\/div>\n<div class=\"gmail_msg\" style=\"text-align: justify;\">Les enfants ont ainsi pu participer aux c\u00e9r\u00e9monies en tenant flambeaux et drapeaux fran\u00e7ais formant, avec les \u00e9l\u00e8ves des autres \u00e9coles, une all\u00e9e d&rsquo;honneur pour militaires et officiels.<\/div>\n<div class=\"gmail_msg\" style=\"text-align: justify;\">Ils ont convers\u00e9 avec Monsieur Marini, le Maire de Compi\u00e8gne et autres repr\u00e9sentants militaires.<\/div>\n<div class=\"gmail_msg\" style=\"text-align: justify;\"><\/div>\n<div class=\"gmail_msg\" style=\"text-align: justify;\">Cela a \u00e9t\u00e9 une grande joie pour les \u00e9l\u00e8ves de repr\u00e9senter ainsi leur \u00e9cole pour comm\u00e9morer nos soldats fran\u00e7ais morts au champ d&rsquo;honneur.<\/div>\n<div class=\"gmail_msg\" style=\"text-align: justify;\"><\/div>\n<div class=\"gmail_msg\" style=\"text-align: justify;\">Vive la France, Vive le Sacr\u00e9-Coeur.<\/div>\n<\/div>\n\n\t<div class=\"slideshow_container slideshow_container_style-light\" style=\"height: 600px; \" data-slideshow-id=\"96\" data-style-name=\"style-light\" data-style-version=\"2.3.1\" >\n\n\t\t\t\t\t<div class=\"slideshow_loading_icon\"><\/div>\n\t\t\n\t\t<div class=\"slideshow_content\" style=\"display: none;\">\n\n\t\t\t<div class=\"slideshow_view\">\t<div style=\"clear: both;\"><\/div><\/div><div class=\"slideshow_view\">\t<div style=\"clear: both;\"><\/div><\/div><div class=\"slideshow_view\">\t<div style=\"clear: both;\"><\/div><\/div><div class=\"slideshow_view\">\t<div style=\"clear: both;\"><\/div><\/div><div class=\"slideshow_view\">\t<div style=\"clear: both;\"><\/div><\/div><div class=\"slideshow_view\">\t<div style=\"clear: both;\"><\/div><\/div>\n\t\t<\/div>\n\n\t\t<div class=\"slideshow_controlPanel slideshow_transparent\" style=\"display: none;\"><ul><li class=\"slideshow_togglePlay\" data-play-text=\"Play\" data-pause-text=\"Pause\"><\/li><\/ul><\/div>\n\n\t\t<div class=\"slideshow_button slideshow_previous slideshow_transparent\" role=\"button\" data-previous-text=\"Pr\u00e9c\u00e9dent\" style=\"display: none;\"><\/div>\n\t\t<div class=\"slideshow_button slideshow_next slideshow_transparent\" role=\"button\" data-next-text=\"Suivant\" style=\"display: none;\"><\/div>\n\n\t\t<div class=\"slideshow_pagination\" style=\"display: none;\" data-go-to-text=\"Go to slide\"><div class=\"slideshow_pagination_center\"><\/div><\/div>\n\n\t\t<!-- WordPress Slideshow Version 2.3.1 -->\n\n\t\t\t<\/div>\n\n\n","protected":false},"excerpt":{"rendered":"<p>Dans le cadre des comm\u00e9morations de la bataille de Verdun de 1916, la direction a souhait\u00e9 emmener les enfants de l&rsquo;\u00e9tablissement \u00e0 la Clairi\u00e8re de l&rsquo;Armistice de Rethondes. En effet,<\/p>\n","protected":false},"author":2,"featured_media":0,"comment_status":"closed","ping_status":"open","sticky":false,"template":"","format":"standard","meta":[],"categories":[4],"tags":[],"yoast_head":"<!-- This site is optimized with the Yoast SEO plugin v20.5 - https:\/\/yoast.com\/wordpress\/plugins\/seo\/ -->\n<title>Comm\u00e9morations de l&#039;armistice \u00e0 Rethondes - 11 novembre 2016 - Groupe scolaire Don Bosco \u00e0 Compi\u00e8gne : GSDB.Fr<\/title>\n<meta name=\"description\" content=\"Le Groupe Scolaire Don Bosco de Compi\u00e8gne, \u00e9tablissement Hors Contrat, a pour devise Joie, Confiance et Pers\u00e9v\u00e9rance\" \/>\n<meta name=\"robots\" content=\"index, follow, max-snippet:-1, max-image-preview:large, max-video-preview:-1\" \/>\n<link rel=\"canonical\" href=\"https:\/\/www.gsdb.fr\/index.php\/2016\/11\/15\/commemorations-de-larmistice-a-rethondes-11-novembre-2016\/\" \/>\n<meta property=\"og:locale\" content=\"fr_FR\" \/>\n<meta property=\"og:type\" content=\"article\" \/>\n<meta property=\"og:title\" content=\"Comm\u00e9morations de l&#039;armistice \u00e0 Rethondes - 11 novembre 2016 - Groupe scolaire Don Bosco \u00e0 Compi\u00e8gne : GSDB.Fr\" \/>\n<meta property=\"og:description\" content=\"Le Groupe Scolaire Don Bosco de Compi\u00e8gne, \u00e9tablissement Hors Contrat, a pour devise Joie, Confiance et Pers\u00e9v\u00e9rance\" \/>\n<meta property=\"og:url\" content=\"https:\/\/www.gsdb.fr\/index.php\/2016\/11\/15\/commemorations-de-larmistice-a-rethondes-11-novembre-2016\/\" \/>\n<meta property=\"og:site_name\" content=\"Groupe scolaire Don Bosco \u00e0 Compi\u00e8gne : GSDB.Fr\" \/>\n<meta property=\"article:published_time\" content=\"2016-11-15T11:11:41+00:00\" \/>\n<meta property=\"article:modified_time\" content=\"2016-11-16T14:39:46+00:00\" \/>\n<meta name=\"author\" content=\"Marie-C\u00e9cile Barberousse\" \/>\n<meta name=\"twitter:card\" content=\"summary_large_image\" \/>\n<meta name=\"twitter:label1\" content=\"\u00c9crit par\" \/>\n\t<meta name=\"twitter:data1\" content=\"Marie-C\u00e9cile Barberousse\" \/>\n\t<meta name=\"twitter:label2\" content=\"Dur\u00e9e de lecture estim\u00e9e\" \/>\n\t<meta name=\"twitter:data2\" content=\"1 minute\" \/>\n<script type=\"application\/ld+json\" class=\"yoast-schema-graph\">{\"@context\":\"https:\/\/schema.org\",\"@graph\":[{\"@type\":\"Article\",\"@id\":\"https:\/\/www.gsdb.fr\/index.php\/2016\/11\/15\/commemorations-de-larmistice-a-rethondes-11-novembre-2016\/#article\",\"isPartOf\":{\"@id\":\"https:\/\/www.gsdb.fr\/index.php\/2016\/11\/15\/commemorations-de-larmistice-a-rethondes-11-novembre-2016\/\"},\"author\":{\"name\":\"Marie-C\u00e9cile Barberousse\",\"@id\":\"https:\/\/www.gsdb.fr\/#\/schema\/person\/68f1c249ec0bba386b73bc60047b1667\"},\"headline\":\"Comm\u00e9morations de l&rsquo;armistice \u00e0 Rethondes &#8211; 11 novembre 2016\",\"datePublished\":\"2016-11-15T11:11:41+00:00\",\"dateModified\":\"2016-11-16T14:39:46+00:00\",\"mainEntityOfPage\":{\"@id\":\"https:\/\/www.gsdb.fr\/index.php\/2016\/11\/15\/commemorations-de-larmistice-a-rethondes-11-novembre-2016\/\"},\"wordCount\":176,\"publisher\":{\"@id\":\"https:\/\/www.gsdb.fr\/#organization\"},\"articleSection\":[\"\u00c9v\u00e9nement\"],\"inLanguage\":\"fr-FR\"},{\"@type\":\"WebPage\",\"@id\":\"https:\/\/www.gsdb.fr\/index.php\/2016\/11\/15\/commemorations-de-larmistice-a-rethondes-11-novembre-2016\/\",\"url\":\"https:\/\/www.gsdb.fr\/index.php\/2016\/11\/15\/commemorations-de-larmistice-a-rethondes-11-novembre-2016\/\",\"name\":\"Comm\u00e9morations de l'armistice \u00e0 Rethondes - 11 novembre 2016 - Groupe scolaire Don Bosco \u00e0 Compi\u00e8gne : GSDB.Fr\",\"isPartOf\":{\"@id\":\"https:\/\/www.gsdb.fr\/#website\"},\"datePublished\":\"2016-11-15T11:11:41+00:00\",\"dateModified\":\"2016-11-16T14:39:46+00:00\",\"description\":\"Le Groupe Scolaire Don Bosco de Compi\u00e8gne, \u00e9tablissement Hors Contrat, a pour devise Joie, Confiance et Pers\u00e9v\u00e9rance\",\"breadcrumb\":{\"@id\":\"https:\/\/www.gsdb.fr\/index.php\/2016\/11\/15\/commemorations-de-larmistice-a-rethondes-11-novembre-2016\/#breadcrumb\"},\"inLanguage\":\"fr-FR\",\"potentialAction\":[{\"@type\":\"ReadAction\",\"target\":[\"https:\/\/www.gsdb.fr\/index.php\/2016\/11\/15\/commemorations-de-larmistice-a-rethondes-11-novembre-2016\/\"]}]},{\"@type\":\"BreadcrumbList\",\"@id\":\"https:\/\/www.gsdb.fr\/index.php\/2016\/11\/15\/commemorations-de-larmistice-a-rethondes-11-novembre-2016\/#breadcrumb\",\"itemListElement\":[{\"@type\":\"ListItem\",\"position\":1,\"name\":\"Accueil\",\"item\":\"https:\/\/www.gsdb.fr\/\"},{\"@type\":\"ListItem\",\"position\":2,\"name\":\"Comm\u00e9morations de l&rsquo;armistice \u00e0 Rethondes &#8211; 11 novembre 2016\"}]},{\"@type\":\"WebSite\",\"@id\":\"https:\/\/www.gsdb.fr\/#website\",\"url\":\"https:\/\/www.gsdb.fr\/\",\"name\":\"Groupe scolaire Don Bosco \u00e0 Compi\u00e8gne : GSDB.Fr\",\"description\":\"Confiance, Joie, Pers\u00e9v\u00e9rance !\",\"publisher\":{\"@id\":\"https:\/\/www.gsdb.fr\/#organization\"},\"potentialAction\":[{\"@type\":\"SearchAction\",\"target\":{\"@type\":\"EntryPoint\",\"urlTemplate\":\"https:\/\/www.gsdb.fr\/?s={search_term_string}\"},\"query-input\":\"required name=search_term_string\"}],\"inLanguage\":\"fr-FR\"},{\"@type\":\"Organization\",\"@id\":\"https:\/\/www.gsdb.fr\/#organization\",\"name\":\"Groupe Scolaire Don Bosco\",\"url\":\"https:\/\/www.gsdb.fr\/\",\"logo\":{\"@type\":\"ImageObject\",\"inLanguage\":\"fr-FR\",\"@id\":\"https:\/\/www.gsdb.fr\/#\/schema\/logo\/image\/\",\"url\":\"https:\/\/www.gsdb.fr\/wp-content\/uploads\/2018\/12\/cropped-blason-new-ss-bando-Q-3.png\",\"contentUrl\":\"https:\/\/www.gsdb.fr\/wp-content\/uploads\/2018\/12\/cropped-blason-new-ss-bando-Q-3.png\",\"width\":886,\"height\":948,\"caption\":\"Groupe Scolaire Don Bosco\"},\"image\":{\"@id\":\"https:\/\/www.gsdb.fr\/#\/schema\/logo\/image\/\"}},{\"@type\":\"Person\",\"@id\":\"https:\/\/www.gsdb.fr\/#\/schema\/person\/68f1c249ec0bba386b73bc60047b1667\",\"name\":\"Marie-C\u00e9cile Barberousse\"}]}<\/script>\n<!-- \/ Yoast SEO plugin. -->","yoast_head_json":{"title":"Comm\u00e9morations de l'armistice \u00e0 Rethondes - 11 novembre 2016 - Groupe scolaire Don Bosco \u00e0 Compi\u00e8gne : GSDB.Fr","description":"Le Groupe Scolaire Don Bosco de Compi\u00e8gne, \u00e9tablissement Hors Contrat, a pour devise Joie, Confiance et Pers\u00e9v\u00e9rance","robots":{"index":"index","follow":"follow","max-snippet":"max-snippet:-1","max-image-preview":"max-image-preview:large","max-video-preview":"max-video-preview:-1"},"canonical":"https:\/\/www.gsdb.fr\/index.php\/2016\/11\/15\/commemorations-de-larmistice-a-rethondes-11-novembre-2016\/","og_locale":"fr_FR","og_type":"article","og_title":"Comm\u00e9morations de l'armistice \u00e0 Rethondes - 11 novembre 2016 - Groupe scolaire Don Bosco \u00e0 Compi\u00e8gne : GSDB.Fr","og_description":"Le Groupe Scolaire Don Bosco de Compi\u00e8gne, \u00e9tablissement Hors Contrat, a pour devise Joie, Confiance et Pers\u00e9v\u00e9rance","og_url":"https:\/\/www.gsdb.fr\/index.php\/2016\/11\/15\/commemorations-de-larmistice-a-rethondes-11-novembre-2016\/","og_site_name":"Groupe scolaire Don Bosco \u00e0 Compi\u00e8gne : GSDB.Fr","article_published_time":"2016-11-15T11:11:41+00:00","article_modified_time":"2016-11-16T14:39:46+00:00","author":"Marie-C\u00e9cile Barberousse","twitter_card":"summary_large_image","twitter_misc":{"\u00c9crit par":"Marie-C\u00e9cile Barberousse","Dur\u00e9e de lecture estim\u00e9e":"1 minute"},"schema":{"@context":"https:\/\/schema.org","@graph":[{"@type":"Article","@id":"https:\/\/www.gsdb.fr\/index.php\/2016\/11\/15\/commemorations-de-larmistice-a-rethondes-11-novembre-2016\/#article","isPartOf":{"@id":"https:\/\/www.gsdb.fr\/index.php\/2016\/11\/15\/commemorations-de-larmistice-a-rethondes-11-novembre-2016\/"},"author":{"name":"Marie-C\u00e9cile Barberousse","@id":"https:\/\/www.gsdb.fr\/#\/schema\/person\/68f1c249ec0bba386b73bc60047b1667"},"headline":"Comm\u00e9morations de l&rsquo;armistice \u00e0 Rethondes &#8211; 11 novembre 2016","datePublished":"2016-11-15T11:11:41+00:00","dateModified":"2016-11-16T14:39:46+00:00","mainEntityOfPage":{"@id":"https:\/\/www.gsdb.fr\/index.php\/2016\/11\/15\/commemorations-de-larmistice-a-rethondes-11-novembre-2016\/"},"wordCount":176,"publisher":{"@id":"https:\/\/www.gsdb.fr\/#organization"},"articleSection":["\u00c9v\u00e9nement"],"inLanguage":"fr-FR"},{"@type":"WebPage","@id":"https:\/\/www.gsdb.fr\/index.php\/2016\/11\/15\/commemorations-de-larmistice-a-rethondes-11-novembre-2016\/","url":"https:\/\/www.gsdb.fr\/index.php\/2016\/11\/15\/commemorations-de-larmistice-a-rethondes-11-novembre-2016\/","name":"Comm\u00e9morations de l'armistice \u00e0 Rethondes - 11 novembre 2016 - Groupe scolaire Don Bosco \u00e0 Compi\u00e8gne : GSDB.Fr","isPartOf":{"@id":"https:\/\/www.gsdb.fr\/#website"},"datePublished":"2016-11-15T11:11:41+00:00","dateModified":"2016-11-16T14:39:46+00:00","description":"Le Groupe Scolaire Don Bosco de Compi\u00e8gne, \u00e9tablissement Hors Contrat, a pour devise Joie, Confiance et Pers\u00e9v\u00e9rance","breadcrumb":{"@id":"https:\/\/www.gsdb.fr\/index.php\/2016\/11\/15\/commemorations-de-larmistice-a-rethondes-11-novembre-2016\/#breadcrumb"},"inLanguage":"fr-FR","potentialAction":[{"@type":"ReadAction","target":["https:\/\/www.gsdb.fr\/index.php\/2016\/11\/15\/commemorations-de-larmistice-a-rethondes-11-novembre-2016\/"]}]},{"@type":"BreadcrumbList","@id":"https:\/\/www.gsdb.fr\/index.php\/2016\/11\/15\/commemorations-de-larmistice-a-rethondes-11-novembre-2016\/#breadcrumb","itemListElement":[{"@type":"ListItem","position":1,"name":"Accueil","item":"https:\/\/www.gsdb.fr\/"},{"@type":"ListItem","position":2,"name":"Comm\u00e9morations de l&rsquo;armistice \u00e0 Rethondes &#8211; 11 novembre 2016"}]},{"@type":"WebSite","@id":"https:\/\/www.gsdb.fr\/#website","url":"https:\/\/www.gsdb.fr\/","name":"Groupe scolaire Don Bosco \u00e0 Compi\u00e8gne : GSDB.Fr","description":"Confiance, Joie, Pers\u00e9v\u00e9rance !","publisher":{"@id":"https:\/\/www.gsdb.fr\/#organization"},"potentialAction":[{"@type":"SearchAction","target":{"@type":"EntryPoint","urlTemplate":"https:\/\/www.gsdb.fr\/?s={search_term_string}"},"query-input":"required name=search_term_string"}],"inLanguage":"fr-FR"},{"@type":"Organization","@id":"https:\/\/www.gsdb.fr\/#organization","name":"Groupe Scolaire Don Bosco","url":"https:\/\/www.gsdb.fr\/","logo":{"@type":"ImageObject","inLanguage":"fr-FR","@id":"https:\/\/www.gsdb.fr\/#\/schema\/logo\/image\/","url":"https:\/\/www.gsdb.fr\/wp-content\/uploads\/2018\/12\/cropped-blason-new-ss-bando-Q-3.png","contentUrl":"https:\/\/www.gsdb.fr\/wp-content\/uploads\/2018\/12\/cropped-blason-new-ss-bando-Q-3.png","width":886,"height":948,"caption":"Groupe Scolaire Don Bosco"},"image":{"@id":"https:\/\/www.gsdb.fr\/#\/schema\/logo\/image\/"}},{"@type":"Person","@id":"https:\/\/www.gsdb.fr\/#\/schema\/person\/68f1c249ec0bba386b73bc60047b1667","name":"Marie-C\u00e9cile Barberousse"}]}},"_links":{"self":[{"href":"https:\/\/www.gsdb.fr\/index.php\/wp-json\/wp\/v2\/posts\/51"}],"collection":[{"href":"https:\/\/www.gsdb.fr\/index.php\/wp-json\/wp\/v2\/posts"}],"about":[{"href":"https:\/\/www.gsdb.fr\/index.php\/wp-json\/wp\/v2\/types\/post"}],"author":[{"embeddable":true,"href":"https:\/\/www.gsdb.fr\/index.php\/wp-json\/wp\/v2\/users\/2"}],"replies":[{"embeddable":true,"href":"https:\/\/www.gsdb.fr\/index.php\/wp-json\/wp\/v2\/comments?post=51"}],"version-history":[{"count":5,"href":"https:\/\/www.gsdb.fr\/index.php\/wp-json\/wp\/v2\/posts\/51\/revisions"}],"predecessor-version":[{"id":93,"href":"https:\/\/www.gsdb.fr\/index.php\/wp-json\/wp\/v2\/posts\/51\/revisions\/93"}],"wp:attachment":[{"href":"https:\/\/www.gsdb.fr\/index.php\/wp-json\/wp\/v2\/media?parent=51"}],"wp:term":[{"taxonomy":"category","embeddable":true,"href":"https:\/\/www.gsdb.fr\/index.php\/wp-json\/wp\/v2\/categories?post=51"},{"taxonomy":"post_tag","embeddable":true,"href":"https:\/\/www.gsdb.fr\/index.php\/wp-json\/wp\/v2\/tags?post=51"}],"curies":[{"name":"wp","href":"https:\/\/api.w.org\/{rel}","templated":true}]}}