{"id":53,"date":"2016-11-15T12:12:22","date_gmt":"2016-11-15T11:12:22","guid":{"rendered":"http:\/\/gsdb.bonnancy.net\/wordpress\/?p=53"},"modified":"2016-11-29T22:53:04","modified_gmt":"2016-11-29T21:53:04","slug":"messe-de-rentree-2016","status":"publish","type":"post","link":"https:\/\/www.gsdb.fr\/index.php\/2016\/11\/15\/messe-de-rentree-2016\/","title":{"rendered":"Messe de rentr\u00e9e 2016"},"content":{"rendered":"<div class=\"gmail_msg\" style=\"text-align: justify;\">Cette apr\u00e8s-midi du 16 septembre a \u00e9t\u00e9 bien \u00e9mouvante!<\/div>\n<div class=\"gmail_msg\" style=\"text-align: justify;\">L&rsquo;\u00e9tablissement a \u00e9t\u00e9 b\u00e9ni et la messe a \u00e9t\u00e9 dite.<\/div>\n<div class=\"gmail_msg\" style=\"text-align: justify;\">En effet, puisque nous venions de d\u00e9m\u00e9nager, chaque pi\u00e8ce se devait d&rsquo;\u00eatre b\u00e9nie, c&rsquo;est chose faite !<\/div>\n<div class=\"gmail_msg\" style=\"text-align: justify;\">Puis les parents, \u00e9l\u00e8ves et enseignants ont pu assister \u00e0 la Sainte Messe, dite en rite ancien, dans la chapelle de l&rsquo;oratoire.<\/div>\n\n\t<div class=\"slideshow_container slideshow_container_style-light\" style=\"height: 600px; \" data-slideshow-id=\"98\" data-style-name=\"style-light\" data-style-version=\"2.3.1\" >\n\n\t\t\t\t\t<div class=\"slideshow_loading_icon\"><\/div>\n\t\t\n\t\t<div class=\"slideshow_content\" style=\"display: none;\">\n\n\t\t\t<div class=\"slideshow_view\">\t<div style=\"clear: both;\"><\/div><\/div><div class=\"slideshow_view\">\t<div style=\"clear: both;\"><\/div><\/div><div class=\"slideshow_view\">\t<div style=\"clear: both;\"><\/div><\/div><div class=\"slideshow_view\">\t<div style=\"clear: both;\"><\/div><\/div>\n\t\t<\/div>\n\n\t\t<div class=\"slideshow_controlPanel slideshow_transparent\" style=\"display: none;\"><ul><li class=\"slideshow_togglePlay\" data-play-text=\"Play\" data-pause-text=\"Pause\"><\/li><\/ul><\/div>\n\n\t\t<div class=\"slideshow_button slideshow_previous slideshow_transparent\" role=\"button\" data-previous-text=\"Pr\u00e9c\u00e9dent\" style=\"display: none;\"><\/div>\n\t\t<div class=\"slideshow_button slideshow_next slideshow_transparent\" role=\"button\" data-next-text=\"Suivant\" style=\"display: none;\"><\/div>\n\n\t\t<div class=\"slideshow_pagination\" style=\"display: none;\" data-go-to-text=\"Go to slide\"><div class=\"slideshow_pagination_center\"><\/div><\/div>\n\n\t\t<!-- WordPress Slideshow Version 2.3.1 -->\n\n\t\t\t<\/div>\n\n\n","protected":false},"excerpt":{"rendered":"<p>Cette apr\u00e8s-midi du 16 septembre a \u00e9t\u00e9 bien \u00e9mouvante! L&rsquo;\u00e9tablissement a \u00e9t\u00e9 b\u00e9ni et la messe a \u00e9t\u00e9 dite. En effet, puisque nous venions de d\u00e9m\u00e9nager, chaque pi\u00e8ce se devait<\/p>\n","protected":false},"author":2,"featured_media":0,"comment_status":"closed","ping_status":"open","sticky":false,"template":"","format":"standard","meta":[],"categories":[4],"tags":[],"yoast_head":"<!-- This site is optimized with the Yoast SEO plugin v20.5 - https:\/\/yoast.com\/wordpress\/plugins\/seo\/ -->\n<title>Messe de rentr\u00e9e 2016 - Groupe scolaire Don Bosco \u00e0 Compi\u00e8gne : GSDB.Fr<\/title>\n<meta name=\"description\" content=\"Le Groupe Scolaire Don Bosco de Compi\u00e8gne, \u00e9tablissement Hors Contrat, a pour devise Joie, Confiance et Pers\u00e9v\u00e9rance\" \/>\n<meta name=\"robots\" content=\"index, follow, max-snippet:-1, max-image-preview:large, max-video-preview:-1\" \/>\n<link rel=\"canonical\" href=\"https:\/\/www.gsdb.fr\/index.php\/2016\/11\/15\/messe-de-rentree-2016\/\" \/>\n<meta property=\"og:locale\" content=\"fr_FR\" \/>\n<meta property=\"og:type\" content=\"article\" \/>\n<meta property=\"og:title\" content=\"Messe de rentr\u00e9e 2016 - Groupe scolaire Don Bosco \u00e0 Compi\u00e8gne : GSDB.Fr\" \/>\n<meta property=\"og:description\" content=\"Le Groupe Scolaire Don Bosco de Compi\u00e8gne, \u00e9tablissement Hors Contrat, a pour devise Joie, Confiance et Pers\u00e9v\u00e9rance\" \/>\n<meta property=\"og:url\" content=\"https:\/\/www.gsdb.fr\/index.php\/2016\/11\/15\/messe-de-rentree-2016\/\" \/>\n<meta property=\"og:site_name\" content=\"Groupe scolaire Don Bosco \u00e0 Compi\u00e8gne : GSDB.Fr\" \/>\n<meta property=\"article:published_time\" content=\"2016-11-15T11:12:22+00:00\" \/>\n<meta property=\"article:modified_time\" content=\"2016-11-29T21:53:04+00:00\" \/>\n<meta name=\"author\" content=\"Marie-C\u00e9cile Barberousse\" \/>\n<meta name=\"twitter:card\" content=\"summary_large_image\" \/>\n<meta name=\"twitter:label1\" content=\"\u00c9crit par\" \/>\n\t<meta name=\"twitter:data1\" content=\"Marie-C\u00e9cile Barberousse\" \/>\n<script type=\"application\/ld+json\" class=\"yoast-schema-graph\">{\"@context\":\"https:\/\/schema.org\",\"@graph\":[{\"@type\":\"Article\",\"@id\":\"https:\/\/www.gsdb.fr\/index.php\/2016\/11\/15\/messe-de-rentree-2016\/#article\",\"isPartOf\":{\"@id\":\"https:\/\/www.gsdb.fr\/index.php\/2016\/11\/15\/messe-de-rentree-2016\/\"},\"author\":{\"name\":\"Marie-C\u00e9cile Barberousse\",\"@id\":\"https:\/\/www.gsdb.fr\/#\/schema\/person\/68f1c249ec0bba386b73bc60047b1667\"},\"headline\":\"Messe de rentr\u00e9e 2016\",\"datePublished\":\"2016-11-15T11:12:22+00:00\",\"dateModified\":\"2016-11-29T21:53:04+00:00\",\"mainEntityOfPage\":{\"@id\":\"https:\/\/www.gsdb.fr\/index.php\/2016\/11\/15\/messe-de-rentree-2016\/\"},\"wordCount\":73,\"publisher\":{\"@id\":\"https:\/\/www.gsdb.fr\/#organization\"},\"articleSection\":[\"\u00c9v\u00e9nement\"],\"inLanguage\":\"fr-FR\"},{\"@type\":\"WebPage\",\"@id\":\"https:\/\/www.gsdb.fr\/index.php\/2016\/11\/15\/messe-de-rentree-2016\/\",\"url\":\"https:\/\/www.gsdb.fr\/index.php\/2016\/11\/15\/messe-de-rentree-2016\/\",\"name\":\"Messe de rentr\u00e9e 2016 - Groupe scolaire Don Bosco \u00e0 Compi\u00e8gne : GSDB.Fr\",\"isPartOf\":{\"@id\":\"https:\/\/www.gsdb.fr\/#website\"},\"datePublished\":\"2016-11-15T11:12:22+00:00\",\"dateModified\":\"2016-11-29T21:53:04+00:00\",\"description\":\"Le Groupe Scolaire Don Bosco de Compi\u00e8gne, \u00e9tablissement Hors Contrat, a pour devise Joie, Confiance et Pers\u00e9v\u00e9rance\",\"breadcrumb\":{\"@id\":\"https:\/\/www.gsdb.fr\/index.php\/2016\/11\/15\/messe-de-rentree-2016\/#breadcrumb\"},\"inLanguage\":\"fr-FR\",\"potentialAction\":[{\"@type\":\"ReadAction\",\"target\":[\"https:\/\/www.gsdb.fr\/index.php\/2016\/11\/15\/messe-de-rentree-2016\/\"]}]},{\"@type\":\"BreadcrumbList\",\"@id\":\"https:\/\/www.gsdb.fr\/index.php\/2016\/11\/15\/messe-de-rentree-2016\/#breadcrumb\",\"itemListElement\":[{\"@type\":\"ListItem\",\"position\":1,\"name\":\"Accueil\",\"item\":\"https:\/\/www.gsdb.fr\/\"},{\"@type\":\"ListItem\",\"position\":2,\"name\":\"Messe de rentr\u00e9e 2016\"}]},{\"@type\":\"WebSite\",\"@id\":\"https:\/\/www.gsdb.fr\/#website\",\"url\":\"https:\/\/www.gsdb.fr\/\",\"name\":\"Groupe scolaire Don Bosco \u00e0 Compi\u00e8gne : GSDB.Fr\",\"description\":\"Confiance, Joie, Pers\u00e9v\u00e9rance !\",\"publisher\":{\"@id\":\"https:\/\/www.gsdb.fr\/#organization\"},\"potentialAction\":[{\"@type\":\"SearchAction\",\"target\":{\"@type\":\"EntryPoint\",\"urlTemplate\":\"https:\/\/www.gsdb.fr\/?s={search_term_string}\"},\"query-input\":\"required name=search_term_string\"}],\"inLanguage\":\"fr-FR\"},{\"@type\":\"Organization\",\"@id\":\"https:\/\/www.gsdb.fr\/#organization\",\"name\":\"Groupe Scolaire Don Bosco\",\"url\":\"https:\/\/www.gsdb.fr\/\",\"logo\":{\"@type\":\"ImageObject\",\"inLanguage\":\"fr-FR\",\"@id\":\"https:\/\/www.gsdb.fr\/#\/schema\/logo\/image\/\",\"url\":\"https:\/\/www.gsdb.fr\/wp-content\/uploads\/2018\/12\/cropped-blason-new-ss-bando-Q-3.png\",\"contentUrl\":\"https:\/\/www.gsdb.fr\/wp-content\/uploads\/2018\/12\/cropped-blason-new-ss-bando-Q-3.png\",\"width\":886,\"height\":948,\"caption\":\"Groupe Scolaire Don Bosco\"},\"image\":{\"@id\":\"https:\/\/www.gsdb.fr\/#\/schema\/logo\/image\/\"}},{\"@type\":\"Person\",\"@id\":\"https:\/\/www.gsdb.fr\/#\/schema\/person\/68f1c249ec0bba386b73bc60047b1667\",\"name\":\"Marie-C\u00e9cile Barberousse\"}]}<\/script>\n<!-- \/ Yoast SEO plugin. -->","yoast_head_json":{"title":"Messe de rentr\u00e9e 2016 - Groupe scolaire Don Bosco \u00e0 Compi\u00e8gne : GSDB.Fr","description":"Le Groupe Scolaire Don Bosco de Compi\u00e8gne, \u00e9tablissement Hors Contrat, a pour devise Joie, Confiance et Pers\u00e9v\u00e9rance","robots":{"index":"index","follow":"follow","max-snippet":"max-snippet:-1","max-image-preview":"max-image-preview:large","max-video-preview":"max-video-preview:-1"},"canonical":"https:\/\/www.gsdb.fr\/index.php\/2016\/11\/15\/messe-de-rentree-2016\/","og_locale":"fr_FR","og_type":"article","og_title":"Messe de rentr\u00e9e 2016 - Groupe scolaire Don Bosco \u00e0 Compi\u00e8gne : GSDB.Fr","og_description":"Le Groupe Scolaire Don Bosco de Compi\u00e8gne, \u00e9tablissement Hors Contrat, a pour devise Joie, Confiance et Pers\u00e9v\u00e9rance","og_url":"https:\/\/www.gsdb.fr\/index.php\/2016\/11\/15\/messe-de-rentree-2016\/","og_site_name":"Groupe scolaire Don Bosco \u00e0 Compi\u00e8gne : GSDB.Fr","article_published_time":"2016-11-15T11:12:22+00:00","article_modified_time":"2016-11-29T21:53:04+00:00","author":"Marie-C\u00e9cile Barberousse","twitter_card":"summary_large_image","twitter_misc":{"\u00c9crit par":"Marie-C\u00e9cile Barberousse"},"schema":{"@context":"https:\/\/schema.org","@graph":[{"@type":"Article","@id":"https:\/\/www.gsdb.fr\/index.php\/2016\/11\/15\/messe-de-rentree-2016\/#article","isPartOf":{"@id":"https:\/\/www.gsdb.fr\/index.php\/2016\/11\/15\/messe-de-rentree-2016\/"},"author":{"name":"Marie-C\u00e9cile Barberousse","@id":"https:\/\/www.gsdb.fr\/#\/schema\/person\/68f1c249ec0bba386b73bc60047b1667"},"headline":"Messe de rentr\u00e9e 2016","datePublished":"2016-11-15T11:12:22+00:00","dateModified":"2016-11-29T21:53:04+00:00","mainEntityOfPage":{"@id":"https:\/\/www.gsdb.fr\/index.php\/2016\/11\/15\/messe-de-rentree-2016\/"},"wordCount":73,"publisher":{"@id":"https:\/\/www.gsdb.fr\/#organization"},"articleSection":["\u00c9v\u00e9nement"],"inLanguage":"fr-FR"},{"@type":"WebPage","@id":"https:\/\/www.gsdb.fr\/index.php\/2016\/11\/15\/messe-de-rentree-2016\/","url":"https:\/\/www.gsdb.fr\/index.php\/2016\/11\/15\/messe-de-rentree-2016\/","name":"Messe de rentr\u00e9e 2016 - Groupe scolaire Don Bosco \u00e0 Compi\u00e8gne : GSDB.Fr","isPartOf":{"@id":"https:\/\/www.gsdb.fr\/#website"},"datePublished":"2016-11-15T11:12:22+00:00","dateModified":"2016-11-29T21:53:04+00:00","description":"Le Groupe Scolaire Don Bosco de Compi\u00e8gne, \u00e9tablissement Hors Contrat, a pour devise Joie, Confiance et Pers\u00e9v\u00e9rance","breadcrumb":{"@id":"https:\/\/www.gsdb.fr\/index.php\/2016\/11\/15\/messe-de-rentree-2016\/#breadcrumb"},"inLanguage":"fr-FR","potentialAction":[{"@type":"ReadAction","target":["https:\/\/www.gsdb.fr\/index.php\/2016\/11\/15\/messe-de-rentree-2016\/"]}]},{"@type":"BreadcrumbList","@id":"https:\/\/www.gsdb.fr\/index.php\/2016\/11\/15\/messe-de-rentree-2016\/#breadcrumb","itemListElement":[{"@type":"ListItem","position":1,"name":"Accueil","item":"https:\/\/www.gsdb.fr\/"},{"@type":"ListItem","position":2,"name":"Messe de rentr\u00e9e 2016"}]},{"@type":"WebSite","@id":"https:\/\/www.gsdb.fr\/#website","url":"https:\/\/www.gsdb.fr\/","name":"Groupe scolaire Don Bosco \u00e0 Compi\u00e8gne : GSDB.Fr","description":"Confiance, Joie, Pers\u00e9v\u00e9rance !","publisher":{"@id":"https:\/\/www.gsdb.fr\/#organization"},"potentialAction":[{"@type":"SearchAction","target":{"@type":"EntryPoint","urlTemplate":"https:\/\/www.gsdb.fr\/?s={search_term_string}"},"query-input":"required name=search_term_string"}],"inLanguage":"fr-FR"},{"@type":"Organization","@id":"https:\/\/www.gsdb.fr\/#organization","name":"Groupe Scolaire Don Bosco","url":"https:\/\/www.gsdb.fr\/","logo":{"@type":"ImageObject","inLanguage":"fr-FR","@id":"https:\/\/www.gsdb.fr\/#\/schema\/logo\/image\/","url":"https:\/\/www.gsdb.fr\/wp-content\/uploads\/2018\/12\/cropped-blason-new-ss-bando-Q-3.png","contentUrl":"https:\/\/www.gsdb.fr\/wp-content\/uploads\/2018\/12\/cropped-blason-new-ss-bando-Q-3.png","width":886,"height":948,"caption":"Groupe Scolaire Don Bosco"},"image":{"@id":"https:\/\/www.gsdb.fr\/#\/schema\/logo\/image\/"}},{"@type":"Person","@id":"https:\/\/www.gsdb.fr\/#\/schema\/person\/68f1c249ec0bba386b73bc60047b1667","name":"Marie-C\u00e9cile Barberousse"}]}},"_links":{"self":[{"href":"https:\/\/www.gsdb.fr\/index.php\/wp-json\/wp\/v2\/posts\/53"}],"collection":[{"href":"https:\/\/www.gsdb.fr\/index.php\/wp-json\/wp\/v2\/posts"}],"about":[{"href":"https:\/\/www.gsdb.fr\/index.php\/wp-json\/wp\/v2\/types\/post"}],"author":[{"embeddable":true,"href":"https:\/\/www.gsdb.fr\/index.php\/wp-json\/wp\/v2\/users\/2"}],"replies":[{"embeddable":true,"href":"https:\/\/www.gsdb.fr\/index.php\/wp-json\/wp\/v2\/comments?post=53"}],"version-history":[{"count":7,"href":"https:\/\/www.gsdb.fr\/index.php\/wp-json\/wp\/v2\/posts\/53\/revisions"}],"predecessor-version":[{"id":291,"href":"https:\/\/www.gsdb.fr\/index.php\/wp-json\/wp\/v2\/posts\/53\/revisions\/291"}],"wp:attachment":[{"href":"https:\/\/www.gsdb.fr\/index.php\/wp-json\/wp\/v2\/media?parent=53"}],"wp:term":[{"taxonomy":"category","embeddable":true,"href":"https:\/\/www.gsdb.fr\/index.php\/wp-json\/wp\/v2\/categories?post=53"},{"taxonomy":"post_tag","embeddable":true,"href":"https:\/\/www.gsdb.fr\/index.php\/wp-json\/wp\/v2\/tags?post=53"}],"curies":[{"name":"wp","href":"https:\/\/api.w.org\/{rel}","templated":true}]}}